{"id":107,"date":"2011-11-30T02:35:41","date_gmt":"2011-11-30T02:35:41","guid":{"rendered":"http:\/\/www.paroquiasaodomingos.com.br\/?p=107"},"modified":"2011-11-30T02:37:33","modified_gmt":"2011-11-30T02:37:33","slug":"pastoral-da-crianca-apresenta-a-vaquinha-curau","status":"publish","type":"post","link":"http:\/\/www.paroquiasaodomingos.com.br\/index.php\/2011\/11\/pastoral-da-crianca-apresenta-a-vaquinha-curau\/","title":{"rendered":"Pastoral da Crian\u00e7a apresenta \u201cA Vaquinha Curau\u201d"},"content":{"rendered":"<p><a href=\"http:\/\/www.paroquiasaodomingos.com.br\/wp-content\/uploads\/2011\/11\/past_crianca.jpg\"><img loading=\"lazy\" class=\"alignleft size-thumbnail wp-image-108\" title=\"past_crianca\" src=\"http:\/\/www.paroquiasaodomingos.com.br\/wp-content\/uploads\/2011\/11\/past_crianca-150x150.jpg\" alt=\"\" width=\"150\" height=\"150\" \/><\/a>No dia 15 de\u00a0outubro, a Pastoral da\u00a0Crian\u00e7a realizou a sua\u00a0Celebra\u00e7\u00e3o da Vida,\u00a0comemorando o Dia\u00a0das Crian\u00e7as com uma\u00a0apresenta\u00e7\u00e3o de teatro\u00a0infantil. O Grupo\u00a0Macam\u00e3, de Americana,\u00a0encenou a pe\u00e7a \u201cA\u00a0Vaquinha Curau\u201d e as\u00a0fam\u00edlias acompanhadas\u00a0pelas comunidades de\u00a0S\u00e3o Domingos e de\u00a0Nossa Senhora de\u00a0F\u00e1tima tiveram a oportunidade de desfrutar de momentos de cultura e divers\u00e3o, j\u00e1 que\u00a0a pe\u00e7a foi interativa com o p\u00fablico presente, em especial com as crian\u00e7as. Apesar da\u00a0chuva, houve grande comparecimento das crian\u00e7as e suas fam\u00edlias, que ap\u00f3s a pesagem\u00a0e a apresenta\u00e7\u00e3o da pe\u00e7a, desfrutaram de um delicioso cachorro-quente, com refrigerante\u00a0e sorvete, al\u00e9m de balas e pirulitos. Mais fotos e informa\u00e7\u00f5es ser\u00e3o disponibilizadas em\u00a0breve no blog da Pastoral. Acesse: <a href=\"http:\/\/www.pastoralcriancaamno.blogspot.com\" target=\"_blank\">www.pastoralcriancaamno.blogspot.com<\/a>.<\/p>\n","protected":false},"excerpt":{"rendered":"<p>No dia 15 de\u00a0outubro, a Pastoral da\u00a0Crian\u00e7a realizou a sua\u00a0Celebra\u00e7\u00e3o da Vida,\u00a0comemorando [&hellip;]<\/p>\n","protected":false},"author":1,"featured_media":0,"comment_status":"open","ping_status":"open","sticky":false,"template":"","format":"standard","meta":[],"categories":[33],"tags":[34,36,11],"_links":{"self":[{"href":"http:\/\/www.paroquiasaodomingos.com.br\/index.php\/wp-json\/wp\/v2\/posts\/107"}],"collection":[{"href":"http:\/\/www.paroquiasaodomingos.com.br\/index.php\/wp-json\/wp\/v2\/posts"}],"about":[{"href":"http:\/\/www.paroquiasaodomingos.com.br\/index.php\/wp-json\/wp\/v2\/types\/post"}],"author":[{"embeddable":true,"href":"http:\/\/www.paroquiasaodomingos.com.br\/index.php\/wp-json\/wp\/v2\/users\/1"}],"replies":[{"embeddable":true,"href":"http:\/\/www.paroquiasaodomingos.com.br\/index.php\/wp-json\/wp\/v2\/comments?post=107"}],"version-history":[{"count":2,"href":"http:\/\/www.paroquiasaodomingos.com.br\/index.php\/wp-json\/wp\/v2\/posts\/107\/revisions"}],"predecessor-version":[{"id":111,"href":"http:\/\/www.paroquiasaodomingos.com.br\/index.php\/wp-json\/wp\/v2\/posts\/107\/revisions\/111"}],"wp:attachment":[{"href":"http:\/\/www.paroquiasaodomingos.com.br\/index.php\/wp-json\/wp\/v2\/media?parent=107"}],"wp:term":[{"taxonomy":"category","embeddable":true,"href":"http:\/\/www.paroquiasaodomingos.com.br\/index.php\/wp-json\/wp\/v2\/categories?post=107"},{"taxonomy":"post_tag","embeddable":true,"href":"http:\/\/www.paroquiasaodomingos.com.br\/index.php\/wp-json\/wp\/v2\/tags?post=107"}],"curies":[{"name":"wp","href":"https:\/\/api.w.org\/{rel}","templated":true}]}}