{"id":134,"date":"2013-07-31T23:51:11","date_gmt":"2013-07-31T23:51:11","guid":{"rendered":"http:\/\/www.paroquiasaodomingos.com.br\/?p=134"},"modified":"2013-07-31T23:51:54","modified_gmt":"2013-07-31T23:51:54","slug":"a-forca-da-juventude-em-nossa-paroquia","status":"publish","type":"post","link":"http:\/\/www.paroquiasaodomingos.com.br\/index.php\/2013\/07\/a-forca-da-juventude-em-nossa-paroquia\/","title":{"rendered":"A for\u00e7a da juventude em nossa par\u00f3quia"},"content":{"rendered":"<figure id=\"attachment_135\" aria-describedby=\"caption-attachment-135\" style=\"width: 150px\" class=\"wp-caption alignleft\"><a href=\"http:\/\/www.paroquiasaodomingos.com.br\/wp-content\/uploads\/2013\/07\/ana_alan.jpg\"><img loading=\"lazy\" class=\"size-thumbnail wp-image-135\" title=\"ana_alan\" src=\"http:\/\/www.paroquiasaodomingos.com.br\/wp-content\/uploads\/2013\/07\/ana_alan-150x150.jpg\" alt=\"\" width=\"150\" height=\"150\" \/><\/a><figcaption id=\"caption-attachment-135\" class=\"wp-caption-text\">Ana Maria e Alan, um belo exemplo de jovens bonitos, alegres, educados e prontos pra servir!<\/figcaption><\/figure>\n<p>Os dois formam um casal de namorados afinado, inclusive na viv\u00eancia da f\u00e9 e no engajamento \u00e0 vida comunit\u00e1ria. Ana Maria Andia tem 25 anos, \u00e9 gestora em Recursos Humanos, filha de Z\u00e9lia e C\u00e9sar Francisco Andia e irm\u00e3 de Marina Aparecida Andia. Alan Richard da Costa tem 28 anos, \u00e9 formado em Engenharia Mec\u00e2nica, filho de Maria de F\u00e1tima e Antonio Carlos da Costa, irm\u00e3o de Alex Francisco da Costa e Adriel Diego da Costa.<\/p>\n<p>Presentes na Par\u00f3quia S\u00e3o Domingos desde 2003, especialmente na missa dominical das 11 horas, o casal participou do curso de forma\u00e7\u00e3o de catequistas em fevereiro de 2010, ministrado por Pe. Itamar Gon\u00e7alves, Toninho Caetano e Tiago Silveira, quando o casal foi convidado para assumir uma turma da Catequese da Crisma. Compromisso assumido, esse trabalho foi desenvolvido de outubro\/2010 a mar\u00e7o\/2012, gra\u00e7as tamb\u00e9m ao apoio recebido do Toninho e da equipe de catequistas.<\/p>\n<p>Ana ressalta que esse foi um per\u00edodo de muita aprendizagem e de alegrias, pois a viv\u00eancia com os jovens catequizandos foi maravilhosa. Em 09\/06\/2013, Ana Maria concluiu mais uma turma dessa catequese, iniciada em abril\/2012, juntamente com a catequista Luciana Bortoleto, o que ensejou um novo per\u00edodo de muita aprendizagem<br \/>\ne amadurecimento na f\u00e9.<\/p>\n<p>Convidado por Milton Quinteiro e Jos\u00e9 Luiz Toledo, o jovem casal passou a fazer parte da Comiss\u00e3o de Festa do Padroeiro em nossa par\u00f3quia, coordenando a parte de divers\u00e3o j\u00e1 em 2011 e 2012, o que envolve as brincadeiras com as crian\u00e7as. Nesse servi\u00e7o, inclusive, Alan cuidava da barraca da Boca do Palha\u00e7o e trouxe jovens da Catequese da Crisma para ajud\u00e1-lo, o que foi muito positivo. Ana Maria e Alan integram tamb\u00e9m a equipe de gar\u00e7ons em todos os almo\u00e7os e jantares, tendo conseguido \u201carrastar\u201d muitos amigos para esse servi\u00e7o.<\/p>\n<p>O casal trouxe jovens at\u00e9 de outras comunidades, alguns trazendo tamb\u00e9m os pais e irm\u00e3os, todos trabalhando na nossa festa e sentindo-se muito bem. Antenados tamb\u00e9m com a parte lit\u00fargica da vida comunit\u00e1ria, Ana e Alan fizeram o curso de forma\u00e7\u00e3o do leitorato em 2011, com o Toninho e o ent\u00e3o seminarista e hoje Pe. Robert Landgraf<br \/>\n(P\u00e1roco da Par\u00f3quia Nossa Senhora do Carmo), sendo atuantes na missa das 11 horas, aos domingos.<\/p>\n<p>Ana Maria e Alan afirmam que viver em comunidade \u00e9 uma gra\u00e7a de Deus em suas vidas, pela acolhida que lhes foi oferecida por todos, sentimento esse que desejam transferir \u00e0s pessoas, especialmente aos jovens, acolhendo-os com esse trabalho feito com amor e muita dedica\u00e7\u00e3o, os quais oferecem humildemente \u00e0 nossa par\u00f3quia. Eles s\u00e3o muito agradecidos pela oportunidade de colocar as suas vidas a servi\u00e7o da Igreja, tendo, inclusive, tido a alegria de contagiar tr\u00eas crismandos da turma de 2013 que, tocados em seus cora\u00e7\u00f5es, j\u00e1 se engajaram na vida comunit\u00e1ria e j\u00e1 s\u00e3o catequistas da 1\u00b0 etapa da catequese da eucaristia.<\/p>\n<p>Para Ana e Alan, \u201ctrabalhar com jovens \u00e9 maravilhoso, ver que voc\u00ea pode ajud\u00e1-lo a tentar ser diferente e passar por essa \u00e9poca de tantas mudan\u00e7as, o que pode at\u00e9 ser f\u00e1cil se ele estiver pr\u00f3ximo dos ensinamentos que Jesus nos deixou. O importante \u00e9 plantar a semente, pois Deus sabe a hora em que ela dar\u00e1 frutos\u201d. O casal avalia como muito importante a realiza\u00e7\u00e3o da Jornada Mundial da Juventude no Brasil, pois trata-se de um evento de muita visibilidade e a presen\u00e7a do Papa Francisco certamente ir\u00e1 tocar muitos cora\u00e7\u00f5es.<\/p>\n<p>Ana Maria e Alan acham que o evento proporcionar\u00e1 tamb\u00e9m uma rica troca de experi\u00eancias, pelas atividades que ser\u00e3o desenvolvidas em v\u00e1rias dioceses, com jovens do mundo inteiro. Eles acreditam que \u00e9 preciso despertar os jovens para o engajamento na sua comunidade, n\u00e3o basta participar das celebra\u00e7\u00f5es nos finais de semana. \u201cSe o jovem tem mais energia, criatividade e desejo de mudan\u00e7as, \u00e9 imprescind\u00edvel que ele traga tudo isso para a sua comunidade. S\u00f3 assim ele ter\u00e1 o privil\u00e9gio de viver o dia a dia comunit\u00e1rio, enriquecendo-se com os testemunhos das outras pessoas e vivenciando em plenitude o imenso amor de Deus por n\u00f3s, o que \u00e9 maravilhoso\u201d, afirmam.<\/p>\n<p style=\"text-align: right;\"><em>Divina Bertalia<\/em><\/p>\n","protected":false},"excerpt":{"rendered":"<p>Os dois formam um casal de namorados afinado, inclusive na viv\u00eancia da [&hellip;]<\/p>\n","protected":false},"author":2,"featured_media":0,"comment_status":"open","ping_status":"open","sticky":false,"template":"","format":"standard","meta":[],"categories":[38],"tags":[],"_links":{"self":[{"href":"http:\/\/www.paroquiasaodomingos.com.br\/index.php\/wp-json\/wp\/v2\/posts\/134"}],"collection":[{"href":"http:\/\/www.paroquiasaodomingos.com.br\/index.php\/wp-json\/wp\/v2\/posts"}],"about":[{"href":"http:\/\/www.paroquiasaodomingos.com.br\/index.php\/wp-json\/wp\/v2\/types\/post"}],"author":[{"embeddable":true,"href":"http:\/\/www.paroquiasaodomingos.com.br\/index.php\/wp-json\/wp\/v2\/users\/2"}],"replies":[{"embeddable":true,"href":"http:\/\/www.paroquiasaodomingos.com.br\/index.php\/wp-json\/wp\/v2\/comments?post=134"}],"version-history":[{"count":2,"href":"http:\/\/www.paroquiasaodomingos.com.br\/index.php\/wp-json\/wp\/v2\/posts\/134\/revisions"}],"predecessor-version":[{"id":137,"href":"http:\/\/www.paroquiasaodomingos.com.br\/index.php\/wp-json\/wp\/v2\/posts\/134\/revisions\/137"}],"wp:attachment":[{"href":"http:\/\/www.paroquiasaodomingos.com.br\/index.php\/wp-json\/wp\/v2\/media?parent=134"}],"wp:term":[{"taxonomy":"category","embeddable":true,"href":"http:\/\/www.paroquiasaodomingos.com.br\/index.php\/wp-json\/wp\/v2\/categories?post=134"},{"taxonomy":"post_tag","embeddable":true,"href":"http:\/\/www.paroquiasaodomingos.com.br\/index.php\/wp-json\/wp\/v2\/tags?post=134"}],"curies":[{"name":"wp","href":"https:\/\/api.w.org\/{rel}","templated":true}]}}