{"id":143,"date":"2013-08-01T00:03:05","date_gmt":"2013-08-01T00:03:05","guid":{"rendered":"http:\/\/www.paroquiasaodomingos.com.br\/?p=143"},"modified":"2013-08-01T00:03:05","modified_gmt":"2013-08-01T00:03:05","slug":"papa-tera-agenda-cheia-no-brasil","status":"publish","type":"post","link":"http:\/\/www.paroquiasaodomingos.com.br\/index.php\/2013\/08\/papa-tera-agenda-cheia-no-brasil\/","title":{"rendered":"Papa ter\u00e1 agenda cheia no Brasil"},"content":{"rendered":"<p><a href=\"http:\/\/www.paroquiasaodomingos.com.br\/wp-content\/uploads\/2013\/08\/jmj_papa1.jpg\"><img loading=\"lazy\" class=\"alignright size-thumbnail wp-image-144\" title=\"jmj_papa1\" src=\"http:\/\/www.paroquiasaodomingos.com.br\/wp-content\/uploads\/2013\/08\/jmj_papa1-150x150.jpg\" alt=\"\" width=\"150\" height=\"150\" \/><\/a>A organiza\u00e7\u00e3o da Jornada Mundial da Juventude (JMJ) continua com os preparativos para a visita do Papa Francisco ao Rio de Janeiro e a Aparecida, em S\u00e3o Paulo, durante o evento, que acontece de 23 a 28 de julho. O Papa chegar\u00e1 ao Brasil no dia 22, segunda-feira. A acolhida oficial ser\u00e1 no Aeroporto Internacional do Gale\u00e3o\/Ant\u00f4nio Carlos Jobim, a partir das 16 horas. Logo ap\u00f3s, haver\u00e1 uma cerim\u00f4nia de boas vindas no jardim do Pal\u00e1cio Guanabara, onde o Santo Padre dar\u00e1 o seu primeiro discurso.<\/p>\n<p>A recep\u00e7\u00e3o protocolar ser\u00e1 feita pela presidente da rep\u00fablica, Dilma Rousseff, pelo governador do Estado do Rio de Janeiro, S\u00e9rgio Cabral, e pelo prefeito da cidade, Eduardo Paes. A missa de abertura da JMJ ser\u00e1 celebrada pelo arcebispo do Rio, Dom Jo\u00e3o Orani Jo\u00e3o Tempesta, no dia 23 de julho. O Santo Padre visitar\u00e1, na quarta-feira (24), o Santu\u00e1rio Nacional de Nossa Senhora da Concei\u00e7\u00e3o Aparecida, maior santu\u00e1rio mariano do mundo. A visita foi um pedido pessoal do Papa Francisco, j\u00e1 que possui uma devo\u00e7\u00e3o p\u00fablica por Maria, m\u00e3e de Jesus. Ao lado do cardeal Dom Raymundo Damasceno, presidente da Confer\u00eancia Nacional dos Bispos do Brasil (CNBB) e arcebispo de Aparecida, o Sumo Pont\u00edfice celebrar\u00e1 uma missa, ap\u00f3s a venera\u00e7\u00e3o da imagem da Virgem na Bas\u00edlica.<\/p>\n<p>Depois de 33 anos, um Papa volta a visitar uma comunidade carente. Desta vez, ao inv\u00e9s do Vidigal, na Zona Sul do Rio, onde passou Jo\u00e3o Paulo II, em 1980, a visita ser\u00e1 a uma favela da Zona Norte. A comunidade escolhida foi a de Varginha, dentro do Complexo de Manguinhos, recentemente pacificada pelo Governo do Estado do Rio<br \/>\nde Janeiro. O Papa falar\u00e1 aos moradores e dar\u00e1 sua b\u00ean\u00e7\u00e3o.<\/p>\n<p>No dia 25, quinta-feira, \u00e0s 18 horas, o Santo Padre participa da festa de acolhida dos jovens na orla de Copacabana, um dos Atos Centrais da JMJ Rio 2013. Haver\u00e1 a<br \/>\nprimeira sauda\u00e7\u00e3o do Papa Francisco aos peregrinos da Jornada e um discurso.<\/p>\n<p>Na sexta-feira (26), \u00e0s 18 horas, acontece a Via Crucis com os jovens, na orla da Praia de Copacabana. As atividades oficiais come\u00e7am no s\u00e1bado (27), com a Santa Missa com os bispos na Catedral S\u00e3o Sebasti\u00e3o, presidida pelo Santo Padre. \u00c0 tarde, ele participa de um almo\u00e7o com os cardeais brasileiros e autoridades religiosas no grande refeit\u00f3rio do Centro de Estudos do Sumar\u00e9. A partir das 19h30, o Papa Francisco estar\u00e1 em Guaratiba, no Campus Fidei, para a Vig\u00edlia de Ora\u00e7\u00e3o com os jovens.<\/p>\n<p>No domingo, \u00e0s 10 horas, o Papa Francisco reencontra os jovens da noite anterior no Campus Fidei para a Santa Missa de envio da JMJ Rio 2013 e para anunciar o pr\u00f3ximo local que acolher\u00e1 a Jornada Mundial da Juventude. Ao meiodia, tamb\u00e9m far\u00e1 a ora\u00e7\u00e3o do Angelus Domini com os peregrinos.<\/p>\n<p>Para agradecer pessoalmente os 60 mil volunt\u00e1rios envolvidos nos trabalhos da Jornada, o Papa Francisco dever\u00e1 encontrar-se com eles no Pavilh\u00e3o 4 do Riocentro, \u00e0s 17h30, e far\u00e1 um discurso a eles.<\/p>\n<p><a href=\"http:\/\/www.paroquiasaodomingos.com.br\/wp-content\/uploads\/2013\/08\/jmj_papa2.jpg\"><img loading=\"lazy\" class=\"alignleft size-full wp-image-145\" title=\"jmj_papa2\" src=\"http:\/\/www.paroquiasaodomingos.com.br\/wp-content\/uploads\/2013\/08\/jmj_papa2.jpg\" alt=\"\" width=\"249\" height=\"138\" \/><\/a>Haver\u00e1 ainda uma cerim\u00f4nia de despedida no Aeroporto Internacional Ant\u00f4nio Carlos Jobim. Sua partida para Roma est\u00e1 marcada para as 19 horas. Confira a agenda completa do Papa no site da CNBB- www.cnbb.com.br<\/p>\n","protected":false},"excerpt":{"rendered":"<p>A organiza\u00e7\u00e3o da Jornada Mundial da Juventude (JMJ) continua com os preparativos [&hellip;]<\/p>\n","protected":false},"author":2,"featured_media":0,"comment_status":"open","ping_status":"open","sticky":false,"template":"","format":"standard","meta":[],"categories":[38],"tags":[],"_links":{"self":[{"href":"http:\/\/www.paroquiasaodomingos.com.br\/index.php\/wp-json\/wp\/v2\/posts\/143"}],"collection":[{"href":"http:\/\/www.paroquiasaodomingos.com.br\/index.php\/wp-json\/wp\/v2\/posts"}],"about":[{"href":"http:\/\/www.paroquiasaodomingos.com.br\/index.php\/wp-json\/wp\/v2\/types\/post"}],"author":[{"embeddable":true,"href":"http:\/\/www.paroquiasaodomingos.com.br\/index.php\/wp-json\/wp\/v2\/users\/2"}],"replies":[{"embeddable":true,"href":"http:\/\/www.paroquiasaodomingos.com.br\/index.php\/wp-json\/wp\/v2\/comments?post=143"}],"version-history":[{"count":1,"href":"http:\/\/www.paroquiasaodomingos.com.br\/index.php\/wp-json\/wp\/v2\/posts\/143\/revisions"}],"predecessor-version":[{"id":146,"href":"http:\/\/www.paroquiasaodomingos.com.br\/index.php\/wp-json\/wp\/v2\/posts\/143\/revisions\/146"}],"wp:attachment":[{"href":"http:\/\/www.paroquiasaodomingos.com.br\/index.php\/wp-json\/wp\/v2\/media?parent=143"}],"wp:term":[{"taxonomy":"category","embeddable":true,"href":"http:\/\/www.paroquiasaodomingos.com.br\/index.php\/wp-json\/wp\/v2\/categories?post=143"},{"taxonomy":"post_tag","embeddable":true,"href":"http:\/\/www.paroquiasaodomingos.com.br\/index.php\/wp-json\/wp\/v2\/tags?post=143"}],"curies":[{"name":"wp","href":"https:\/\/api.w.org\/{rel}","templated":true}]}}