{"id":210,"date":"2013-08-11T00:27:15","date_gmt":"2013-08-11T00:27:15","guid":{"rendered":"http:\/\/www.paroquiasaodomingos.com.br\/?p=210"},"modified":"2013-08-11T00:27:15","modified_gmt":"2013-08-11T00:27:15","slug":"novidades-da-festa-de-sao-domingos","status":"publish","type":"post","link":"http:\/\/www.paroquiasaodomingos.com.br\/index.php\/2013\/08\/novidades-da-festa-de-sao-domingos\/","title":{"rendered":"Novidades da Festa de S\u00e3o Domingos"},"content":{"rendered":"<p><a href=\"http:\/\/www.paroquiasaodomingos.com.br\/wp-content\/uploads\/2013\/08\/novidades_festa1.jpg\"><img loading=\"lazy\" class=\"alignleft  wp-image-214\" title=\"novidades_festa1\" src=\"http:\/\/www.paroquiasaodomingos.com.br\/wp-content\/uploads\/2013\/08\/novidades_festa1-150x150.jpg\" alt=\"\" width=\"90\" height=\"90\" \/><\/a>Nesta 46\u00aa edi\u00e7\u00e3o da festa do padroeiro, v\u00e1rios setores e eventos v\u00e3o inovar para oferecer mais mobilidade, mais conforto, mais seguran\u00e7a, mais participa\u00e7\u00e3o, mais alegria, mais distra\u00e7\u00e3o e mais qualidade de vida \u00e0 comunidade. Entre essas mudan\u00e7as, est\u00e1 a altera\u00e7\u00e3o de percurso da caminhada e do passeio cicl\u00edstico. Como estes s\u00e3o os \u00fanicos eventos sociais realizados fora da Par\u00f3quia, seus coordenadores pensaram em trajetos que ficassem pelo menos dentro do territ\u00f3rio paroquial ou nas proximidades do bairro. Al\u00e9m disso, a organiza\u00e7\u00e3o dos eventos, preocupada com o bem-estar dos inscritos, conquistou parcerias comerciais para proporcionar aferi\u00e7\u00e3o de glicemia e de press\u00e3o arterial aos participantes. <a href=\"http:\/\/www.paroquiasaodomingos.com.br\/wp-content\/uploads\/2013\/08\/novidades_festa2.jpg\"><img loading=\"lazy\" class=\"alignright  wp-image-213\" title=\"novidades_festa2\" src=\"http:\/\/www.paroquiasaodomingos.com.br\/wp-content\/uploads\/2013\/08\/novidades_festa2-150x150.jpg\" alt=\"\" width=\"90\" height=\"90\" \/><\/a>Ent\u00e3o \u00e9 importante, na hora de realizar a sua inscri\u00e7\u00e3o, trocando dois litros \u00f3leo de cozinha pela camiseta do evento, que voc\u00ea informe se sofre de algum problema de sa\u00fade, para um melhor trabalho da equipe. Outra novidade ser\u00e1 na Roleta de Assados, aos domingos, a partir das 10 horas. A equipe comandada por Clayton Zibordi vai proporcionar uma manh\u00e3 agrad\u00e1vel para quem quiser tentar a sorte e levar para casa uma leitoa assada para o almo\u00e7o com a fam\u00edlia. Durante o giro da roleta, os participantes, al\u00e9m de desfrutarem da tradicional caipirinha, poder\u00e3o tamb\u00e9m conferir o servi\u00e7o de churrasco no espetinho, coordenado pela equipe de Jos\u00e9 Luiz Toledo. <a href=\"http:\/\/www.paroquiasaodomingos.com.br\/wp-content\/uploads\/2013\/08\/novidades_festa3.jpg\"><img loading=\"lazy\" class=\"alignleft  wp-image-212\" title=\"novidades_festa3\" src=\"http:\/\/www.paroquiasaodomingos.com.br\/wp-content\/uploads\/2013\/08\/novidades_festa3-150x150.jpg\" alt=\"\" width=\"90\" height=\"90\" \/><\/a>Ser\u00e1 um momento divertido e saboroso para toda a fam\u00edlia. Em se tratando de divers\u00e3o para as crian\u00e7as, o setor coordenado pelo casal Ana Maria Andia e Alan Richard da Costa, est\u00e1 preparando novidades para as barracas e as brincadeiras: s\u00e3o mais de 400 caixas-surpresa, que est\u00e3o sendo confeccionadas com muito cuidado e carinho pela equipe, semanalmente. Todas essas equipes &#8211; e outras mais de 40 &#8211; est\u00e3o h\u00e1 meses se preparando para organizar e promover uma festa feliz, gostosa e saud\u00e1vel para toda a fam\u00edlia, conforme as palavras do Pe. L\u00e1zaro Gabriel Loure\u00e7o: \u201co mais importante \u00e9 que as pessoas saiam da festa felizes e se sintam bem para voltarem nos pr\u00f3ximos anos\u201d.<\/p>\n<p>&nbsp;<\/p>\n<p style=\"text-align: center;\"><strong>JUVENTUDE VOLUNT\u00c1RIA<\/strong><\/p>\n<p>A Festa 2013 j\u00e1 come\u00e7ou no m\u00eas de julho, com as espiritualiza\u00e7\u00f5es para os volunt\u00e1rios. As festividades religiosas e sociais que v\u00e3o acontecer durante todo o m\u00eas de agosto envolver\u00e3o aproximadamente 400 pessoas que oferecer\u00e3o o seu servi\u00e7o espont\u00e2neo. A cada ano que passa, os volunt\u00e1rios ficam na expectativa de serem chamados para trabalhar na festa. Como explicou Milton Quinteiro, em sua espiritualidade, \u201cas pessoas s\u00e3o chamadas e dizem o sim, n\u00e3o apenas para trabalhar durante a festa, mas para servir a Jesus; pois, servi\u00e7o gratuito, \u00e9 sim para a comunidade, mas, em primeiro lugar, \u00e9 sim para Ele, o criador dos ensinamentos sobre saber servir ao pr\u00f3ximo\u201d. De forma muito agrad\u00e1vel, podemos identificar \u201ccaras\u201d novas entre os volunt\u00e1rios na Festa 2013: jovens da comunidade est\u00e3o se movimentando para aumentar o grupo do voluntariado e, assim, contribu\u00edrem espontaneamente com as festividades do padroeiro. \u201cE que venham os jovens!\u201d, conclama Fl\u00e1vio Pompeu em suas reuni\u00f5es. O mais interessante \u00e9 que, tanto jovens, quanto adultos e idosos, todos prestam servi\u00e7o igualmente importante e, desta forma, apresentam-se de cora\u00e7\u00e3o aberto para servir \u00e0 comunidade e a Jesus.<\/p>\n<p style=\"text-align: center;\"><a href=\"http:\/\/www.paroquiasaodomingos.com.br\/wp-content\/uploads\/2013\/08\/novidades_festa4.jpg\"><img loading=\"lazy\" class=\"aligncenter size-full wp-image-211\" title=\"novidades_festa4\" src=\"http:\/\/www.paroquiasaodomingos.com.br\/wp-content\/uploads\/2013\/08\/novidades_festa4.jpg\" alt=\"\" width=\"529\" height=\"277\" srcset=\"http:\/\/www.paroquiasaodomingos.com.br\/wp-content\/uploads\/2013\/08\/novidades_festa4.jpg 529w, http:\/\/www.paroquiasaodomingos.com.br\/wp-content\/uploads\/2013\/08\/novidades_festa4-300x157.jpg 300w\" sizes=\"(max-width: 529px) 100vw, 529px\" \/><\/a><\/p>\n","protected":false},"excerpt":{"rendered":"<p>Nesta 46\u00aa edi\u00e7\u00e3o da festa do padroeiro, v\u00e1rios setores e eventos v\u00e3o [&hellip;]<\/p>\n","protected":false},"author":2,"featured_media":0,"comment_status":"open","ping_status":"open","sticky":false,"template":"","format":"standard","meta":[],"categories":[33,40,38],"tags":[],"_links":{"self":[{"href":"http:\/\/www.paroquiasaodomingos.com.br\/index.php\/wp-json\/wp\/v2\/posts\/210"}],"collection":[{"href":"http:\/\/www.paroquiasaodomingos.com.br\/index.php\/wp-json\/wp\/v2\/posts"}],"about":[{"href":"http:\/\/www.paroquiasaodomingos.com.br\/index.php\/wp-json\/wp\/v2\/types\/post"}],"author":[{"embeddable":true,"href":"http:\/\/www.paroquiasaodomingos.com.br\/index.php\/wp-json\/wp\/v2\/users\/2"}],"replies":[{"embeddable":true,"href":"http:\/\/www.paroquiasaodomingos.com.br\/index.php\/wp-json\/wp\/v2\/comments?post=210"}],"version-history":[{"count":2,"href":"http:\/\/www.paroquiasaodomingos.com.br\/index.php\/wp-json\/wp\/v2\/posts\/210\/revisions"}],"predecessor-version":[{"id":216,"href":"http:\/\/www.paroquiasaodomingos.com.br\/index.php\/wp-json\/wp\/v2\/posts\/210\/revisions\/216"}],"wp:attachment":[{"href":"http:\/\/www.paroquiasaodomingos.com.br\/index.php\/wp-json\/wp\/v2\/media?parent=210"}],"wp:term":[{"taxonomy":"category","embeddable":true,"href":"http:\/\/www.paroquiasaodomingos.com.br\/index.php\/wp-json\/wp\/v2\/categories?post=210"},{"taxonomy":"post_tag","embeddable":true,"href":"http:\/\/www.paroquiasaodomingos.com.br\/index.php\/wp-json\/wp\/v2\/tags?post=210"}],"curies":[{"name":"wp","href":"https:\/\/api.w.org\/{rel}","templated":true}]}}