{"id":246,"date":"2013-09-28T21:08:34","date_gmt":"2013-09-28T21:08:34","guid":{"rendered":"http:\/\/www.paroquiasaodomingos.com.br\/?p=246"},"modified":"2013-09-28T21:08:34","modified_gmt":"2013-09-28T21:08:34","slug":"missa-do-26o-domingo-do-tempo-comum-ano-c","status":"publish","type":"post","link":"http:\/\/www.paroquiasaodomingos.com.br\/index.php\/2013\/09\/missa-do-26o-domingo-do-tempo-comum-ano-c\/","title":{"rendered":"Missa do 26\u00ba Domingo do Tempo Comum &#8211; Ano C"},"content":{"rendered":"<p align=\"JUSTIFY\">Na Eucaristia deste domingo deixemo-nos tocar pela Palavra do Senhor, para que o nosso cora\u00e7\u00e3o seja sens\u00edvel \u00e0 dor dos outros, pois <em>&#8220;O Reino \u00e9 partilha e caridade&#8221;<\/em> .<\/p>\n<p align=\"JUSTIFY\">No Dia da B\u00edblia, rezemos: Senhor, que a vossa Palavra nos ajude\u00a0 a sermos generosos em partilhar. Que ela nos d\u00ea <em>&#8220;for\u00e7a para construirmos o vosso Reino, que tamb\u00e9m \u00e9 nosso&#8221;<\/em>.<\/p>\n<p align=\"JUSTIFY\">Hor\u00e1rios das missas na Matriz S\u00e3o Domingos:<\/p>\n<p align=\"JUSTIFY\">S\u00e1bado: 18h00 &#8211; Domingo: 11h00, 18h00 e 19h30<\/p>\n<p>Na Comunidade Nossa Senhora de F\u00e1tima: domingo: 8h00<\/p>\n","protected":false},"excerpt":{"rendered":"<p>Na Eucaristia deste domingo deixemo-nos tocar pela Palavra do Senhor, para que [&hellip;]<\/p>\n","protected":false},"author":2,"featured_media":0,"comment_status":"open","ping_status":"open","sticky":false,"template":"","format":"standard","meta":[],"categories":[1],"tags":[],"_links":{"self":[{"href":"http:\/\/www.paroquiasaodomingos.com.br\/index.php\/wp-json\/wp\/v2\/posts\/246"}],"collection":[{"href":"http:\/\/www.paroquiasaodomingos.com.br\/index.php\/wp-json\/wp\/v2\/posts"}],"about":[{"href":"http:\/\/www.paroquiasaodomingos.com.br\/index.php\/wp-json\/wp\/v2\/types\/post"}],"author":[{"embeddable":true,"href":"http:\/\/www.paroquiasaodomingos.com.br\/index.php\/wp-json\/wp\/v2\/users\/2"}],"replies":[{"embeddable":true,"href":"http:\/\/www.paroquiasaodomingos.com.br\/index.php\/wp-json\/wp\/v2\/comments?post=246"}],"version-history":[{"count":2,"href":"http:\/\/www.paroquiasaodomingos.com.br\/index.php\/wp-json\/wp\/v2\/posts\/246\/revisions"}],"predecessor-version":[{"id":248,"href":"http:\/\/www.paroquiasaodomingos.com.br\/index.php\/wp-json\/wp\/v2\/posts\/246\/revisions\/248"}],"wp:attachment":[{"href":"http:\/\/www.paroquiasaodomingos.com.br\/index.php\/wp-json\/wp\/v2\/media?parent=246"}],"wp:term":[{"taxonomy":"category","embeddable":true,"href":"http:\/\/www.paroquiasaodomingos.com.br\/index.php\/wp-json\/wp\/v2\/categories?post=246"},{"taxonomy":"post_tag","embeddable":true,"href":"http:\/\/www.paroquiasaodomingos.com.br\/index.php\/wp-json\/wp\/v2\/tags?post=246"}],"curies":[{"name":"wp","href":"https:\/\/api.w.org\/{rel}","templated":true}]}}