{"id":347,"date":"2014-08-14T01:18:01","date_gmt":"2014-08-14T01:18:01","guid":{"rendered":"http:\/\/www.paroquiasaodomingos.com.br\/?p=347"},"modified":"2014-08-14T23:45:14","modified_gmt":"2014-08-14T23:45:14","slug":"2o-fim-de-semana-da-47a-festa-show-de-premios-quermesse-caminhada-e-muito-mais","status":"publish","type":"post","link":"http:\/\/www.paroquiasaodomingos.com.br\/index.php\/2014\/08\/2o-fim-de-semana-da-47a-festa-show-de-premios-quermesse-caminhada-e-muito-mais\/","title":{"rendered":"2\u00ba Fim de Semana da 47\u00aa Festa &#8211; Show de pr\u00eamios, Quermesse, Caminhada e muito mais"},"content":{"rendered":"<p style=\"text-align: center;\">A Festa do Padroeiro j\u00e1 come\u00e7ou e o primeiro fim de semana foi maravilhoso e ainda tem mais.<!--more--><\/p>\n<p style=\"text-align: center;\">Na sexta feira dia 15\/08 \u00e0s 19h estaremos realizando um<strong>\u00a0Show de Pr\u00eamios\u00a0 <\/strong>muito animado na par\u00f3quia e como n\u00e3o pode faltar teremos diversos comidas e bebidas deliciosas sendo vendidas.<\/p>\n<p style=\"text-align: center;\">No s\u00e1bado dia 16\/08 \u00e0s 19h teremos a tradicional quermesse com deliciosas comidas e bebidas e ainda tem show da cantora <strong>Lorayne Ribeiro <\/strong>que vem pra animar a festa.<\/p>\n<p style=\"text-align: center;\">No domingo dia 17\/08 logo de manh\u00e3 teremos a tradicional <strong>caminhada<\/strong> com um delicioso caf\u00e9 da manh\u00e3. As inscri\u00e7\u00f5es j\u00e1 est\u00e3o sendo feitas e as camisetas distribu\u00eddas. A inscri\u00e7\u00e3o s\u00e3o 2 litros de \u00f3leo.<\/p>\n<p style=\"text-align: center;\"><a href=\"http:\/\/www.paroquiasaodomingos.com.br\/wp-content\/uploads\/2014\/07\/Banner-caminhada.jpg\"><img loading=\"lazy\" class=\"aligncenter  wp-image-274\" title=\"Banner caminhada\" src=\"http:\/\/www.paroquiasaodomingos.com.br\/wp-content\/uploads\/2014\/07\/Banner-caminhada.jpg\" alt=\"\" width=\"476\" height=\"595\" \/><\/a><\/p>\n<p style=\"text-align: center;\">Logo em seguida teremos a novidade desse ano, \u00a0o <strong>Almo\u00e7o da Fam\u00edlia<\/strong> com um card\u00e1pio mineiro composto por:<\/p>\n<ul style=\"text-align: center;\">\n<li>Arroz<\/li>\n<li>Feij\u00e3o Tropeiro<\/li>\n<li>Bisteca<\/li>\n<li>Couve<\/li>\n<li>Farofa<\/li>\n<li>Salada<\/li>\n<li>Doce de abobora<\/li>\n<\/ul>\n<div style=\"text-align: center;\"><a href=\"http:\/\/www.paroquiasaodomingos.com.br\/wp-content\/uploads\/2014\/08\/convite.jpg\"><img loading=\"lazy\" class=\"aligncenter  wp-image-357\" title=\"convite\" src=\"http:\/\/www.paroquiasaodomingos.com.br\/wp-content\/uploads\/2014\/08\/convite.jpg\" alt=\"\" width=\"596\" height=\"451\" srcset=\"http:\/\/www.paroquiasaodomingos.com.br\/wp-content\/uploads\/2014\/08\/convite.jpg 2364w, http:\/\/www.paroquiasaodomingos.com.br\/wp-content\/uploads\/2014\/08\/convite-300x226.jpg 300w, http:\/\/www.paroquiasaodomingos.com.br\/wp-content\/uploads\/2014\/08\/convite-1024x774.jpg 1024w\" sizes=\"(max-width: 596px) 100vw, 596px\" \/><\/a><\/div>\n<div style=\"text-align: center;\">Os convites j\u00e1 est\u00e3o sendo vendidos na par\u00f3quia e o almo\u00e7o come\u00e7a \u00e0s 12:00h<a href=\"http:\/\/www.paroquiasaodomingos.com.br\/wp-content\/uploads\/2014\/08\/convite-almo\u00e7o-da-familia.jpg\"><br \/>\n<\/a><\/div>\n<h4 style=\"text-align: center;\">N\u00e3o deixem de aproveitar, venham e participem dessa festa com a gente!<\/h4>\n<p>&nbsp;<\/p>\n","protected":false},"excerpt":{"rendered":"<p>A Festa do Padroeiro j\u00e1 come\u00e7ou e o primeiro fim de semana [&hellip;]<\/p>\n","protected":false},"author":2,"featured_media":0,"comment_status":"open","ping_status":"open","sticky":false,"template":"","format":"standard","meta":[],"categories":[33,40],"tags":[],"_links":{"self":[{"href":"http:\/\/www.paroquiasaodomingos.com.br\/index.php\/wp-json\/wp\/v2\/posts\/347"}],"collection":[{"href":"http:\/\/www.paroquiasaodomingos.com.br\/index.php\/wp-json\/wp\/v2\/posts"}],"about":[{"href":"http:\/\/www.paroquiasaodomingos.com.br\/index.php\/wp-json\/wp\/v2\/types\/post"}],"author":[{"embeddable":true,"href":"http:\/\/www.paroquiasaodomingos.com.br\/index.php\/wp-json\/wp\/v2\/users\/2"}],"replies":[{"embeddable":true,"href":"http:\/\/www.paroquiasaodomingos.com.br\/index.php\/wp-json\/wp\/v2\/comments?post=347"}],"version-history":[{"count":9,"href":"http:\/\/www.paroquiasaodomingos.com.br\/index.php\/wp-json\/wp\/v2\/posts\/347\/revisions"}],"predecessor-version":[{"id":358,"href":"http:\/\/www.paroquiasaodomingos.com.br\/index.php\/wp-json\/wp\/v2\/posts\/347\/revisions\/358"}],"wp:attachment":[{"href":"http:\/\/www.paroquiasaodomingos.com.br\/index.php\/wp-json\/wp\/v2\/media?parent=347"}],"wp:term":[{"taxonomy":"category","embeddable":true,"href":"http:\/\/www.paroquiasaodomingos.com.br\/index.php\/wp-json\/wp\/v2\/categories?post=347"},{"taxonomy":"post_tag","embeddable":true,"href":"http:\/\/www.paroquiasaodomingos.com.br\/index.php\/wp-json\/wp\/v2\/tags?post=347"}],"curies":[{"name":"wp","href":"https:\/\/api.w.org\/{rel}","templated":true}]}}