{"id":361,"date":"2014-08-22T16:43:16","date_gmt":"2014-08-22T16:43:16","guid":{"rendered":"http:\/\/www.paroquiasaodomingos.com.br\/?p=361"},"modified":"2014-08-22T16:43:48","modified_gmt":"2014-08-22T16:43:48","slug":"3o-fim-de-semana-da-47a-festa-ta-acabando-mas-ainda-da-tempo-de-aproveitar","status":"publish","type":"post","link":"http:\/\/www.paroquiasaodomingos.com.br\/index.php\/2014\/08\/3o-fim-de-semana-da-47a-festa-ta-acabando-mas-ainda-da-tempo-de-aproveitar\/","title":{"rendered":"3\u00ba Fim de Semana da 47\u00aa Festa &#8211; T\u00e1 acabando mas ainda d\u00e1 tempo de aproveitar"},"content":{"rendered":"<p style=\"text-align: center;\">O m\u00eas de agosto est\u00e1 quase no fim e infelizmente nossa festa tamb\u00e9m, mas ainda tem esse \u00faltimo fim de semana pra aproveitar e com certeza vamos fechar com chave de ouro.<\/p>\n<p style=\"text-align: center;\"><!--more--><\/p>\n<p style=\"text-align: center;\">Na sexta feira dia 22\/08 \u00e0s 19h estaremos realizando um <strong>Show de Pr\u00eamios<\/strong>\u00a0\u00a0muito animado na par\u00f3quia e como n\u00e3o pode faltar teremos diversos comidas e bebidas deliciosas sendo vendidas.<\/p>\n<p style=\"text-align: center;\">No s\u00e1bado dia 23\/08 \u00e0s 19h teremos a tradicional <strong>quermesse<\/strong> com deliciosas comidas e bebidas e ainda tem show da banda Os imposs\u00edveis que v\u00e3o animar muito o \u00faltimo fim de semana.<\/p>\n<p style=\"text-align: center;\">No domingo dia 24\/08 logo de manh\u00e3 teremos 0 tradicional<strong> passeio cicl\u00edstico<\/strong> com diversos sorteios e um show de encerramento com <strong>Luisinho Rodegher e amigos<\/strong> pra animar. As inscri\u00e7\u00f5es j\u00e1 est\u00e3o sendo feitas e as camisetas est\u00e3o sendo distribu\u00eddas. Para se inscrever \u00e9 s\u00f3 levar <strong>2kg de alimentos n\u00e3o perec\u00edveis<\/strong>\u00a0na igreja e retirar sua camiseta.<\/p>\n<p style=\"text-align: center;\"><a href=\"http:\/\/www.paroquiasaodomingos.com.br\/wp-content\/uploads\/2014\/07\/Banner-ciclistico.jpg\"><img loading=\"lazy\" class=\"aligncenter  wp-image-275\" title=\"Banner ciclistico\" src=\"http:\/\/www.paroquiasaodomingos.com.br\/wp-content\/uploads\/2014\/07\/Banner-ciclistico.jpg\" alt=\"\" width=\"408\" height=\"510\" \/><\/a><\/p>\n<h4 style=\"text-align: center;\">Venham aproveitar a festa com a gente!<\/h4>\n<p>&nbsp;<\/p>\n","protected":false},"excerpt":{"rendered":"<p>O m\u00eas de agosto est\u00e1 quase no fim e infelizmente nossa festa [&hellip;]<\/p>\n","protected":false},"author":2,"featured_media":0,"comment_status":"open","ping_status":"open","sticky":false,"template":"","format":"standard","meta":[],"categories":[33,40],"tags":[],"_links":{"self":[{"href":"http:\/\/www.paroquiasaodomingos.com.br\/index.php\/wp-json\/wp\/v2\/posts\/361"}],"collection":[{"href":"http:\/\/www.paroquiasaodomingos.com.br\/index.php\/wp-json\/wp\/v2\/posts"}],"about":[{"href":"http:\/\/www.paroquiasaodomingos.com.br\/index.php\/wp-json\/wp\/v2\/types\/post"}],"author":[{"embeddable":true,"href":"http:\/\/www.paroquiasaodomingos.com.br\/index.php\/wp-json\/wp\/v2\/users\/2"}],"replies":[{"embeddable":true,"href":"http:\/\/www.paroquiasaodomingos.com.br\/index.php\/wp-json\/wp\/v2\/comments?post=361"}],"version-history":[{"count":6,"href":"http:\/\/www.paroquiasaodomingos.com.br\/index.php\/wp-json\/wp\/v2\/posts\/361\/revisions"}],"predecessor-version":[{"id":367,"href":"http:\/\/www.paroquiasaodomingos.com.br\/index.php\/wp-json\/wp\/v2\/posts\/361\/revisions\/367"}],"wp:attachment":[{"href":"http:\/\/www.paroquiasaodomingos.com.br\/index.php\/wp-json\/wp\/v2\/media?parent=361"}],"wp:term":[{"taxonomy":"category","embeddable":true,"href":"http:\/\/www.paroquiasaodomingos.com.br\/index.php\/wp-json\/wp\/v2\/categories?post=361"},{"taxonomy":"post_tag","embeddable":true,"href":"http:\/\/www.paroquiasaodomingos.com.br\/index.php\/wp-json\/wp\/v2\/tags?post=361"}],"curies":[{"name":"wp","href":"https:\/\/api.w.org\/{rel}","templated":true}]}}