{"id":43,"date":"2011-11-30T00:28:09","date_gmt":"2011-11-30T00:28:09","guid":{"rendered":"http:\/\/www.paroquiasaodomingos.com.br\/?p=43"},"modified":"2011-11-30T00:29:30","modified_gmt":"2011-11-30T00:29:30","slug":"crisma-partilhando-uma-experiencia","status":"publish","type":"post","link":"http:\/\/www.paroquiasaodomingos.com.br\/index.php\/2011\/11\/crisma-partilhando-uma-experiencia\/","title":{"rendered":"Crisma: partilhando uma experi\u00eancia"},"content":{"rendered":"<p><a href=\"http:\/\/www.paroquiasaodomingos.com.br\/wp-content\/uploads\/2011\/11\/crisma_nov2011.jpg\"><img loading=\"lazy\" class=\"alignright size-full wp-image-44\" title=\"crisma_nov2011\" src=\"http:\/\/www.paroquiasaodomingos.com.br\/wp-content\/uploads\/2011\/11\/crisma_nov2011.jpg\" alt=\"\" width=\"198\" height=\"149\" \/><\/a>Em outubro de 2010 iniciamos os encontros com adolescentes que buscam\u00a0receber o Sacramento da Crisma. Desde ent\u00e3o, divididos em cinco turmas, os\u00a0encontros acontecem aos s\u00e1bados, domingos ou segundas-feiras, de acordo com a\u00a0turma. Com um grupo renovado de catequistas, passamos a experimentar inova\u00e7\u00f5es,\u00a0almejando superar as expectativas destes jovens, que v\u00eam se preparando para esse\u00a0momento especial.<\/p>\n<p>Com o intuito de conhecer melhor os crismandos e suas fam\u00edlias, com conhecimento\u00a0da coordena\u00e7\u00e3o da Catequese, iniciei uma experi\u00eancia de visitas \u00e0s resid\u00eancias.<\/p>\n<p><!--more--><\/p>\n<p>A receptividade na acolhida foi fundamental para que pudesse observar o quanto\u00a0esses adolescentes est\u00e3o envolvidos e estimulados a confirmar sua participa\u00e7\u00e3o na\u00a0Igreja como disc\u00edpulos de Cristo.<\/p>\n<p>Ap\u00f3s algumas visitas, marcamos um encontro familiar no sal\u00e3o paroquial para\u00a0conversarmos sobre essa rela\u00e7\u00e3o e para comemorarmos o anivers\u00e1rio da catequista,\u00a0que tamb\u00e9m trouxe seus\u00a0familiares. Foi um momento de\u00a0reflex\u00e3o, partilha de opini\u00f5es e de\u00a0experi\u00eancias. Ouvimos muitas\u00a0declara\u00e7\u00f5es dos pais que, atentos\u00a0aos acontecimentos, disseram que\u00a0os filhos t\u00eam partilhado as\u00a0experi\u00eancias da rela\u00e7\u00e3o da religi\u00e3o\u00a0nos tempos de hoje. Desta forma,\u00a0eles se sentem motivados a\u00a0comparecer na semana seguinte,\u00a0com a expectativa de algo novo e\u00a0direcionado a eles.<\/p>\n<p>Eu, como catequista, posso dizer que tem sido uma experi\u00eancia maravilhosa,\u00a0que tenho aprendido muito com eles e que a maior recompensa deste trabalho \u00e9\u00a0que todos eles, de alguma forma, se sentiram tocados. Existe a expectativa e o\u00a0interesse em formarmos um grupo de jovens ap\u00f3s o encerramento dos nossos\u00a0encontros, sugest\u00e3o dos pr\u00f3prios catequizandos, que passar\u00e3o a planejar e\u00a0promover os encontros orientados pelos catequistas.<\/p>\n<p>Deixo aqui meu testemunho e partilho a satisfa\u00e7\u00e3o de dizer que todos n\u00f3s podemos\u00a0contribuir, mesmo com uma pequena participa\u00e7\u00e3o, para o crescimento espiritual e pessoal\u00a0do ser humano. Fa\u00e7am esta experi\u00eancia e sintam-se aben\u00e7oados pela d\u00e1diva da vida!<\/p>\n<p style=\"text-align: right;\"><em>Luciana Bortoleto<br \/>\n<\/em><em>Catequista da Crisma<\/em><\/p>\n","protected":false},"excerpt":{"rendered":"<p>Em outubro de 2010 iniciamos os encontros com adolescentes que buscam\u00a0receber o [&hellip;]<\/p>\n","protected":false},"author":1,"featured_media":0,"comment_status":"open","ping_status":"open","sticky":false,"template":"","format":"standard","meta":[],"categories":[10],"tags":[15,9,12,13,11,14],"_links":{"self":[{"href":"http:\/\/www.paroquiasaodomingos.com.br\/index.php\/wp-json\/wp\/v2\/posts\/43"}],"collection":[{"href":"http:\/\/www.paroquiasaodomingos.com.br\/index.php\/wp-json\/wp\/v2\/posts"}],"about":[{"href":"http:\/\/www.paroquiasaodomingos.com.br\/index.php\/wp-json\/wp\/v2\/types\/post"}],"author":[{"embeddable":true,"href":"http:\/\/www.paroquiasaodomingos.com.br\/index.php\/wp-json\/wp\/v2\/users\/1"}],"replies":[{"embeddable":true,"href":"http:\/\/www.paroquiasaodomingos.com.br\/index.php\/wp-json\/wp\/v2\/comments?post=43"}],"version-history":[{"count":3,"href":"http:\/\/www.paroquiasaodomingos.com.br\/index.php\/wp-json\/wp\/v2\/posts\/43\/revisions"}],"predecessor-version":[{"id":46,"href":"http:\/\/www.paroquiasaodomingos.com.br\/index.php\/wp-json\/wp\/v2\/posts\/43\/revisions\/46"}],"wp:attachment":[{"href":"http:\/\/www.paroquiasaodomingos.com.br\/index.php\/wp-json\/wp\/v2\/media?parent=43"}],"wp:term":[{"taxonomy":"category","embeddable":true,"href":"http:\/\/www.paroquiasaodomingos.com.br\/index.php\/wp-json\/wp\/v2\/categories?post=43"},{"taxonomy":"post_tag","embeddable":true,"href":"http:\/\/www.paroquiasaodomingos.com.br\/index.php\/wp-json\/wp\/v2\/tags?post=43"}],"curies":[{"name":"wp","href":"https:\/\/api.w.org\/{rel}","templated":true}]}}